{"id":9938,"date":"2022-09-25T12:55:00","date_gmt":"2022-09-25T10:55:00","guid":{"rendered":"http:\/\/accnr.es\/?p=9938"},"modified":"2022-09-25T20:46:50","modified_gmt":"2022-09-25T18:46:50","slug":"feria-de-cerveza-artesana-ultreya-beer-2022","status":"publish","type":"post","link":"https:\/\/accnr.es\/?p=9938","title":{"rendered":"Feria de cerveza artesana Ultreya Beer 2022:"},"content":{"rendered":"\n<p>Tras la pandemia: Retorna la feria de <strong>Ultreya beer<\/strong> que se celebra en la ruinas de San Pedro en Viana, Navarra.<\/p>\n\n\n<div class=\"wp-block-image\">\n<figure class=\"aligncenter size-full\"><img loading=\"lazy\" decoding=\"async\" width=\"507\" height=\"640\" src=\"https:\/\/accnr.es\/wp-content\/uploads\/2022\/09\/308829395_1105573726754347_7535413947204483133_n.jpg\" alt=\"\" class=\"wp-image-9939\" srcset=\"https:\/\/accnr.es\/wp-content\/uploads\/2022\/09\/308829395_1105573726754347_7535413947204483133_n.jpg 507w, https:\/\/accnr.es\/wp-content\/uploads\/2022\/09\/308829395_1105573726754347_7535413947204483133_n-238x300.jpg 238w, https:\/\/accnr.es\/wp-content\/uploads\/2022\/09\/308829395_1105573726754347_7535413947204483133_n-277x350.jpg 277w, https:\/\/accnr.es\/wp-content\/uploads\/2022\/09\/308829395_1105573726754347_7535413947204483133_n-119x150.jpg 119w\" sizes=\"auto, (max-width: 507px) 100vw, 507px\" \/><\/figure>\n<\/div>\n\n\n<p style=\"font-size:30px\"><strong>Historia:<\/strong><\/p>\n\n\n\n<p>Con esta tarjeta de presentaci\u00f3n o de intenciones en el a\u00f1o 2018, la sociedad Ultreya Berri de Viana pens\u00f3 en organizar un gran evento, pero que se ver\u00eda interrumpido finalmente en los dos \u00faltimos a\u00f1os por la pandemia. Esta tercera edici\u00f3n se va a llevar a cabo el pr\u00f3ximo 1 de octubre y la organizaci\u00f3n correr\u00e1 a cargo del club cervecero Ultreyabeer, junto con el Ayuntamiento de Viana.<br>Se dar\u00e1n cita siete artesanos cerveceros de lugares tan distantes como Catalunya, Olite (Navarra) Gordexola en Bizkaia, o incluso Polonia, y adem\u00e1s de poder degustar buena cerveza, los asistentes tambi\u00e9n van a poder escuchar en concierto en las Ruinas de San Pedro a las bandas\u2019 Class travellers\u2019, Los hermanos Gilipollas e \u2018Israel y la banda Palestina\u2019<\/p>\n\n\n\n<figure class=\"wp-block-image size-large\"><img loading=\"lazy\" decoding=\"async\" width=\"1024\" height=\"768\" src=\"https:\/\/accnr.es\/wp-content\/uploads\/2022\/09\/71238270_10215179157807599_8179702293961113600_n-1024x768.jpg\" alt=\"\" class=\"wp-image-9940\" srcset=\"https:\/\/accnr.es\/wp-content\/uploads\/2022\/09\/71238270_10215179157807599_8179702293961113600_n-1024x768.jpg 1024w, https:\/\/accnr.es\/wp-content\/uploads\/2022\/09\/71238270_10215179157807599_8179702293961113600_n-300x225.jpg 300w, https:\/\/accnr.es\/wp-content\/uploads\/2022\/09\/71238270_10215179157807599_8179702293961113600_n-768x576.jpg 768w, https:\/\/accnr.es\/wp-content\/uploads\/2022\/09\/71238270_10215179157807599_8179702293961113600_n-1536x1152.jpg 1536w, https:\/\/accnr.es\/wp-content\/uploads\/2022\/09\/71238270_10215179157807599_8179702293961113600_n-467x350.jpg 467w, https:\/\/accnr.es\/wp-content\/uploads\/2022\/09\/71238270_10215179157807599_8179702293961113600_n-150x113.jpg 150w, https:\/\/accnr.es\/wp-content\/uploads\/2022\/09\/71238270_10215179157807599_8179702293961113600_n.jpg 2048w\" sizes=\"auto, (max-width: 1024px) 100vw, 1024px\" \/><figcaption>Interior de las ruinas de San Pedro<\/figcaption><\/figure>\n\n\n\n<p><strong>La feria de cerveza artesana se celebrar\u00e1 el pr\u00f3ximo 1 de octubre:<\/strong><\/p>\n\n\n\n<p>&#8211; El acceso al recinto de San Pedro, a partir de las 12:00 horas es LIBRE.<\/p>\n\n\n\n<p>&#8211; <strong>Las entradas que se venden en la oficina de Turismo son EXCLUSIVAMENTE para participar en la CATA DE CERVEZAS<\/strong> impartida por Dani Ruiz.<strong> Esta ser\u00e1 el viernes d\u00eda 30 a las 20:00 horas en el interior de la sala multiusos de San Pedro, con aforo limitado a las personas con entrada para la cata<\/strong>.<\/p>\n\n\n\n<p>&#8211; Al recinto de la Feria puede acceder cualquier persona sin necesidad de entrada, aun siendo menor si va acompa\u00f1ada por persona adulta. <strong>Los menores de 18 a\u00f1os no podr\u00e1n consumir alcohol, pero s\u00ed agua y refrescos, as\u00ed como los productos de los Food Trucks.<\/strong><\/p>\n\n\n\n<p>&#8211; No se permite el acceso con bebidas o vasos del exterior.<\/p>\n\n\n\n<p>&#8211; Habr\u00e1 tres actuaciones musicales, una a medio d\u00eda, otra a media tarde y la \u00faltima al caer la noche.<\/p>\n\n\n\n<p>&#8211; A la entrada al recinto se pondr\u00e1n a la VENTA LOS TICKETS y el VASO OFICIAL de la Feria. Por 10\u20ac se entregar\u00e1 un vaso, 7 tickets para probar una variedad de cerveza (un corto) en cada uno de los 7 expositores, y un n\u00famero con el que participa en el sorteo de regalos.<\/p>\n\n\n\n<p>&#8211; Las dem\u00e1s cervezas que se deseen consumir, una vez degustadas las correspondientes a los tickets de la entrada, SE ABONAR\u00c1N DIRECTAMENTE en el stand del artesano, y al precio que este indique. Habr\u00e1 cervezas de tirador de barril y botellines.<\/p>\n\n\n\n<p>&#8211; <strong>SOLAMENTE se servir\u00e1n cervezas en el VASO OFICIAL<\/strong>, por lo que aquel que desee consumir en los stands de los ARTESANOS deber\u00e1 aportar el VASO OFICIAL. Habr\u00e1 un lavavasos instalado a disposici\u00f3n del p\u00fablico para que se puedan enjuagar los vasos y no mezclar sabores.<\/p>\n\n\n\n<p>&#8211; Existir\u00e1n mesas y sillas en el recinto para poder comer, merendar o cenar los productos vendidos en los Food Trucks y acompa\u00f1ados de las CERVEZAS ARTESANAS.<\/p>\n\n\n\n<p>&#8211; Alrededor de las 20:30h. se realizar\u00e1 el sorteo. Los premios se entregar\u00e1n en el mismo momento del sorteo, por lo que si alg\u00fan regalo no se recoge al instante, se volver\u00e1 a sortear.<\/p>\n\n\n\n<p>&#8211; A las 23:00h. cesar\u00e1 la m\u00fasica y comenzar\u00e1 el desmontaje de la instalaci\u00f3n.<\/p>\n\n\n\n<figure class=\"wp-block-image size-full\"><img loading=\"lazy\" decoding=\"async\" width=\"960\" height=\"720\" src=\"https:\/\/accnr.es\/wp-content\/uploads\/2022\/09\/71500559_10215181588068354_7103177262433828864_n.jpg\" alt=\"\" class=\"wp-image-9941\" srcset=\"https:\/\/accnr.es\/wp-content\/uploads\/2022\/09\/71500559_10215181588068354_7103177262433828864_n.jpg 960w, https:\/\/accnr.es\/wp-content\/uploads\/2022\/09\/71500559_10215181588068354_7103177262433828864_n-300x225.jpg 300w, https:\/\/accnr.es\/wp-content\/uploads\/2022\/09\/71500559_10215181588068354_7103177262433828864_n-768x576.jpg 768w, https:\/\/accnr.es\/wp-content\/uploads\/2022\/09\/71500559_10215181588068354_7103177262433828864_n-467x350.jpg 467w, https:\/\/accnr.es\/wp-content\/uploads\/2022\/09\/71500559_10215181588068354_7103177262433828864_n-150x113.jpg 150w\" sizes=\"auto, (max-width: 960px) 100vw, 960px\" \/><figcaption>Puesta de sol en las Ruinas de San Pedro<\/figcaption><\/figure>\n\n\n\n<p>Por Fernando Esteban Esteban (ACCNR)<\/p>\n\n\n<div class=\"wp-block-image\">\n<figure class=\"aligncenter size-large is-resized\"><img loading=\"lazy\" decoding=\"async\" src=\"https:\/\/accnr.es\/wp-content\/uploads\/2022\/05\/Logo-final-letras-blanco-y-negro-977x1024.png\" alt=\"\" class=\"wp-image-9824\" width=\"231\" height=\"242\" srcset=\"https:\/\/accnr.es\/wp-content\/uploads\/2022\/05\/Logo-final-letras-blanco-y-negro-977x1024.png 977w, https:\/\/accnr.es\/wp-content\/uploads\/2022\/05\/Logo-final-letras-blanco-y-negro-286x300.png 286w, https:\/\/accnr.es\/wp-content\/uploads\/2022\/05\/Logo-final-letras-blanco-y-negro-768x805.png 768w, https:\/\/accnr.es\/wp-content\/uploads\/2022\/05\/Logo-final-letras-blanco-y-negro-1466x1536.png 1466w, https:\/\/accnr.es\/wp-content\/uploads\/2022\/05\/Logo-final-letras-blanco-y-negro-1955x2048.png 1955w, https:\/\/accnr.es\/wp-content\/uploads\/2022\/05\/Logo-final-letras-blanco-y-negro-334x350.png 334w, https:\/\/accnr.es\/wp-content\/uploads\/2022\/05\/Logo-final-letras-blanco-y-negro-143x150.png 143w\" sizes=\"auto, (max-width: 231px) 100vw, 231px\" \/><\/figure>\n<\/div>","protected":false},"excerpt":{"rendered":"<p>Tras la pandemia: Retorna la feria de Ultreya beer que se celebra en la ruinas de San Pedro en Viana, Navarra. Historia: Con esta tarjeta de presentaci\u00f3n o de intenciones en el a\u00f1o 2018, la sociedad Ultreya Berri de Viana pens\u00f3 en organizar un gran evento, pero que se ver\u00eda&#8230; <a class=\"continue-reading-link\" href=\"https:\/\/accnr.es\/?p=9938\">Continue reading<\/a><\/p>\n","protected":false},"author":1,"featured_media":0,"comment_status":"open","ping_status":"open","sticky":false,"template":"","format":"standard","meta":{"footnotes":""},"categories":[88],"tags":[89],"class_list":["post-9938","post","type-post","status-publish","format-standard","hentry","category-ferias","tag-ferias"],"_links":{"self":[{"href":"https:\/\/accnr.es\/index.php?rest_route=\/wp\/v2\/posts\/9938","targetHints":{"allow":["GET"]}}],"collection":[{"href":"https:\/\/accnr.es\/index.php?rest_route=\/wp\/v2\/posts"}],"about":[{"href":"https:\/\/accnr.es\/index.php?rest_route=\/wp\/v2\/types\/post"}],"author":[{"embeddable":true,"href":"https:\/\/accnr.es\/index.php?rest_route=\/wp\/v2\/users\/1"}],"replies":[{"embeddable":true,"href":"https:\/\/accnr.es\/index.php?rest_route=%2Fwp%2Fv2%2Fcomments&post=9938"}],"version-history":[{"count":3,"href":"https:\/\/accnr.es\/index.php?rest_route=\/wp\/v2\/posts\/9938\/revisions"}],"predecessor-version":[{"id":9944,"href":"https:\/\/accnr.es\/index.php?rest_route=\/wp\/v2\/posts\/9938\/revisions\/9944"}],"wp:attachment":[{"href":"https:\/\/accnr.es\/index.php?rest_route=%2Fwp%2Fv2%2Fmedia&parent=9938"}],"wp:term":[{"taxonomy":"category","embeddable":true,"href":"https:\/\/accnr.es\/index.php?rest_route=%2Fwp%2Fv2%2Fcategories&post=9938"},{"taxonomy":"post_tag","embeddable":true,"href":"https:\/\/accnr.es\/index.php?rest_route=%2Fwp%2Fv2%2Ftags&post=9938"}],"curies":[{"name":"wp","href":"https:\/\/api.w.org\/{rel}","templated":true}]}}