{"id":1283,"date":"2022-02-21T21:54:45","date_gmt":"2022-02-21T20:54:45","guid":{"rendered":"http:\/\/accnr.es\/?p=1283"},"modified":"2022-02-21T22:01:08","modified_gmt":"2022-02-21T21:01:08","slug":"ecam-y-tecnocaelia-abren-la-inscripcion-para-los-talleres-practicos-de-su-curso-de-elaboracion","status":"publish","type":"post","link":"https:\/\/accnr.es\/?p=1283","title":{"rendered":"ECAM Y TECNOCAELIA ABREN LA INSCRIPCI\u00d3N PARA LOS TALLERES PR\u00c1CTICOS DE SU CURSO DE ELABORACI\u00d3N"},"content":{"rendered":"\n<figure class=\"wp-block-image size-large\"><img loading=\"lazy\" decoding=\"async\" width=\"1024\" height=\"427\" src=\"https:\/\/accnr.es\/wp-content\/uploads\/2022\/02\/Cabecera-pagina-curso-microcerveceria-1-1024x427.jpg\" alt=\"\" class=\"wp-image-1286\" srcset=\"https:\/\/accnr.es\/wp-content\/uploads\/2022\/02\/Cabecera-pagina-curso-microcerveceria-1-1024x427.jpg 1024w, https:\/\/accnr.es\/wp-content\/uploads\/2022\/02\/Cabecera-pagina-curso-microcerveceria-1-300x125.jpg 300w, https:\/\/accnr.es\/wp-content\/uploads\/2022\/02\/Cabecera-pagina-curso-microcerveceria-1-768x320.jpg 768w, https:\/\/accnr.es\/wp-content\/uploads\/2022\/02\/Cabecera-pagina-curso-microcerveceria-1-1536x640.jpg 1536w, https:\/\/accnr.es\/wp-content\/uploads\/2022\/02\/Cabecera-pagina-curso-microcerveceria-1-840x350.jpg 840w, https:\/\/accnr.es\/wp-content\/uploads\/2022\/02\/Cabecera-pagina-curso-microcerveceria-1-150x63.jpg 150w, https:\/\/accnr.es\/wp-content\/uploads\/2022\/02\/Cabecera-pagina-curso-microcerveceria-1-1200x500.jpg 1200w, https:\/\/accnr.es\/wp-content\/uploads\/2022\/02\/Cabecera-pagina-curso-microcerveceria-1.jpg 1920w\" sizes=\"auto, (max-width: 1024px) 100vw, 1024px\" \/><\/figure>\n\n\n\n<p>A petici\u00f3n se nuestro socio Unai vamos a dar visi\u00f3n y difusi\u00f3n a la Universidad de Alicante con sus cursos de <a rel=\"noreferrer noopener\" href=\"https:\/\/www.especialistaencerveza.com\/\" data-type=\"URL\" data-id=\"https:\/\/www.especialistaencerveza.com\/\" target=\"_blank\">(Especialistas en Cerveza Artesana y Microcervecer\u00eda) <strong>ECAM&nbsp;<\/strong><\/a>:<\/p>\n\n\n\n<figure class=\"wp-block-image size-large\"><img loading=\"lazy\" decoding=\"async\" width=\"283\" height=\"60\" src=\"https:\/\/accnr.es\/wp-content\/uploads\/2022\/02\/HEADER-240X60.png\" alt=\"\" class=\"wp-image-1287\" srcset=\"https:\/\/accnr.es\/wp-content\/uploads\/2022\/02\/HEADER-240X60.png 283w, https:\/\/accnr.es\/wp-content\/uploads\/2022\/02\/HEADER-240X60-150x32.png 150w\" sizes=\"auto, (max-width: 283px) 100vw, 283px\" \/><\/figure>\n\n\n\n<p>Como algunos quiz\u00e1s ya sabr\u00e9is la universidad de Alicante dispone de tres cursos de especializaci\u00f3n en la industria micro cervecera los cuales son:<\/p>\n\n\n\n<ul class=\"wp-block-list\"><li><a rel=\"noreferrer noopener\" href=\"https:\/\/www.especialistaencerveza.com\/curso-elaboracion\/\" data-type=\"URL\" data-id=\"https:\/\/www.especialistaencerveza.com\/curso-elaboracion\/\" target=\"_blank\">Elaboraci\u00f3n<\/a><\/li><li><a rel=\"noreferrer noopener\" href=\"https:\/\/www.especialistaencerveza.com\/curso-microcerveceria\/\" data-type=\"URL\" data-id=\"https:\/\/www.especialistaencerveza.com\/curso-microcerveceria\/\" target=\"_blank\">Microcervecer\u00eda<\/a><\/li><li><a rel=\"noreferrer noopener\" href=\"https:\/\/www.especialistaencerveza.com\/curso-sumiller\/\" data-type=\"URL\" data-id=\"https:\/\/www.especialistaencerveza.com\/curso-sumiller\/\" target=\"_blank\">Cata y Evaluaci\u00f3n<\/a><\/li><\/ul>\n\n\n\n<p><em>(Haciendo clic en los enlaces se os trasladar\u00e1 a las p\u00e1ginas de la universidad de Alicante con la informaci\u00f3n):<\/em><\/p>\n\n\n\n<p class=\"has-text-color\" style=\"color:#11be07\"><strong>Pero como novedad, este a\u00f1o, adem\u00e1s de los alumn@s matriculados en el curso, <em>podr\u00e1n inscribirse a los talleres cualquier persona interesada en realizarlos.<\/em><\/strong><\/p>\n\n\n\n<ul class=\"wp-block-list\"><li><strong>Pr\u00f3ximas fechas: 21-22 de mayo (Barcelona) y 18-19 de junio<\/strong>&nbsp;<strong>(Sevilla)<\/strong><\/li><li><strong>Como novedad, este a\u00f1o, adem\u00e1s de los alumn@s matriculados en el curso, podr\u00e1n inscribirse a los talleres cualquier persona interesada en realizarlos.<\/strong><\/li><\/ul>\n\n\n\n<p>Si lo que te gusta de verdad es la cerveza y todo lo que la rodea, te apasiona la elaboraci\u00f3n y quieres dedicarte a ello, o si ya trabajas en este sector y quieres seguir desarroll\u00e1ndote profesionalmente, \u00a1ap\u00fantate a los talleres&nbsp;<strong><a href=\"https:\/\/www.especialistaencerveza.com\/\" target=\"_blank\" rel=\"noreferrer noopener\">ECAM<\/a>&nbsp;<\/strong>de nuestro curso&nbsp;<strong>\u201cFundamentos t\u00e9cnicos de elaboraci\u00f3n de cerveza\u201d<\/strong>&nbsp;y sigue form\u00e1ndote y aprendiendo de lo que m\u00e1s te gusta!<\/p>\n\n\n\n<p><strong>ECAM&nbsp;<\/strong>(Especialistas en Cerveza Artesana y Microcervecer\u00eda)y&nbsp;<strong>Tecnocaelia&nbsp;<\/strong>te ofrecen la posibilidad de acudir a los talleres que se realizar\u00e1n pr\u00f3ximamente en Barcelona y Sevilla, donde podr\u00e1s aprender de la mano de grandes profesionales del sector como Albert Barrachina, Boris de Mesones o Jos\u00e9 Severiano.<\/p>\n\n\n\n<p>Un total de 4 talleres pr\u00e1cticos con un precio de 150\u20ac cada uno de ellos (no incluye comidas ni desplazamientos). Podr\u00e1s acudir a los talleres de Barcelona o Sevilla indistintamente, o a todos, para ello solo tienes que escribirnos a&nbsp;<em><a href=\"mailto:tecnocaelia@especialistaencerveza.com\">tecnocaelia@especialistaencerveza.com<\/a><\/em>&nbsp;y reservar tu plaza, ya que disponemos de un n\u00famero muy limitado, as\u00ed que te recomendamos no dejarlo para el \u00faltimo momento.<\/p>\n\n\n\n<p><strong>Talleres en Barcelona. 21 y 22 de mayo&nbsp;(Lli\u00e7\u00e0 d\u2019Amunt)<\/strong><\/p>\n\n\n\n<p>\u2013&nbsp;<strong>Taller de ingredientes&nbsp;<\/strong>con Albert Barrachina, donde desgranaremos los ingredientes fundamentales para la elaboraci\u00f3n de cerveza y veremos c\u00f3mo pueden afectar cada uno de ellos organol\u00e9pticamente en el resultado final.<\/p>\n\n\n\n<p>\u2013&nbsp;<strong>Cata de estilos&nbsp;<\/strong>con Albert Barrachina, donde aprenderemos a catar y analizar sensorialmente diferentes cervezas de diversos estilos.<\/p>\n\n\n\n<p><strong>Talleres en Sevilla. 18 y 19 de Junio&nbsp;(Valencina de la Concepci\u00f3n, Cervezas&nbsp;Guadalquibeer)<\/strong><\/p>\n\n\n\n<p>\u2013&nbsp;<strong>Taller de defectos<\/strong>&nbsp;con Jos\u00e9 Severiano (Sevebrau), donde aprenderemos cu\u00e1les son los principales defectos que podemos encontrarnos en una cerveza, de d\u00f3nde vienen, c\u00f3mo detectarlos y c\u00f3mo evitarlos.<\/p>\n\n\n\n<p>\u2013&nbsp;<strong>Taller de elaboraci\u00f3n<\/strong>&nbsp;con Boris de Mesones, donde elaboraremos un lote de 500 litros en cervezas Guadalquibeer y veremos de manera pr\u00e1ctica todos y cada uno de los pasos que componen el proceso de elaboraci\u00f3n a nivel profesional.<\/p>\n\n\n\n<p>Recuerda, si te apasiona la cerveza, y no solo beberla, si quieres desarrollarte profesionalmente en este mundo o seguir especializ\u00e1ndote, esta es tu oportunidad.<\/p>\n\n\n\n<p>\u00a1Os esperamos!<\/p>\n\n\n\n<p><strong>EN COLABORACI\u00d3N CON EL BLOG DEL <a rel=\"noreferrer noopener\" href=\"https:\/\/www.delgranoalacopa.com\/\" data-type=\"URL\" data-id=\"https:\/\/www.delgranoalacopa.com\/\" target=\"_blank\">GRANO A LA COPA<\/a><\/strong><\/p>\n\n\n\n<figure class=\"wp-block-image size-large\"><img loading=\"lazy\" decoding=\"async\" width=\"805\" height=\"137\" src=\"https:\/\/accnr.es\/wp-content\/uploads\/2022\/02\/logo-Del-grano-a-la-copa_1-1.jpg\" alt=\"\" class=\"wp-image-1288\" srcset=\"https:\/\/accnr.es\/wp-content\/uploads\/2022\/02\/logo-Del-grano-a-la-copa_1-1.jpg 805w, https:\/\/accnr.es\/wp-content\/uploads\/2022\/02\/logo-Del-grano-a-la-copa_1-1-300x51.jpg 300w, https:\/\/accnr.es\/wp-content\/uploads\/2022\/02\/logo-Del-grano-a-la-copa_1-1-768x131.jpg 768w, https:\/\/accnr.es\/wp-content\/uploads\/2022\/02\/logo-Del-grano-a-la-copa_1-1-150x26.jpg 150w\" sizes=\"auto, (max-width: 805px) 100vw, 805px\" \/><\/figure>\n\n\n\n<p><strong>ACCNR: Fernando Esteban<\/strong><\/p>\n","protected":false},"excerpt":{"rendered":"<p>A petici\u00f3n se nuestro socio Unai vamos a dar visi\u00f3n y difusi\u00f3n a la Universidad de Alicante con sus cursos de (Especialistas en Cerveza Artesana y Microcervecer\u00eda) ECAM&nbsp;: Como algunos quiz\u00e1s ya sabr\u00e9is la universidad de Alicante dispone de tres cursos de especializaci\u00f3n en la industria micro cervecera los cuales&#8230; <a class=\"continue-reading-link\" href=\"https:\/\/accnr.es\/?p=1283\">Continue reading<\/a><\/p>\n","protected":false},"author":1,"featured_media":0,"comment_status":"open","ping_status":"open","sticky":false,"template":"","format":"standard","meta":{"footnotes":""},"categories":[72],"tags":[42,71,69,70],"class_list":["post-1283","post","type-post","status-publish","format-standard","hentry","category-cursos","tag-accnr","tag-del-grano-a-la-copa","tag-ecam","tag-universidad-de-alicante"],"_links":{"self":[{"href":"https:\/\/accnr.es\/index.php?rest_route=\/wp\/v2\/posts\/1283","targetHints":{"allow":["GET"]}}],"collection":[{"href":"https:\/\/accnr.es\/index.php?rest_route=\/wp\/v2\/posts"}],"about":[{"href":"https:\/\/accnr.es\/index.php?rest_route=\/wp\/v2\/types\/post"}],"author":[{"embeddable":true,"href":"https:\/\/accnr.es\/index.php?rest_route=\/wp\/v2\/users\/1"}],"replies":[{"embeddable":true,"href":"https:\/\/accnr.es\/index.php?rest_route=%2Fwp%2Fv2%2Fcomments&post=1283"}],"version-history":[{"count":2,"href":"https:\/\/accnr.es\/index.php?rest_route=\/wp\/v2\/posts\/1283\/revisions"}],"predecessor-version":[{"id":1291,"href":"https:\/\/accnr.es\/index.php?rest_route=\/wp\/v2\/posts\/1283\/revisions\/1291"}],"wp:attachment":[{"href":"https:\/\/accnr.es\/index.php?rest_route=%2Fwp%2Fv2%2Fmedia&parent=1283"}],"wp:term":[{"taxonomy":"category","embeddable":true,"href":"https:\/\/accnr.es\/index.php?rest_route=%2Fwp%2Fv2%2Fcategories&post=1283"},{"taxonomy":"post_tag","embeddable":true,"href":"https:\/\/accnr.es\/index.php?rest_route=%2Fwp%2Fv2%2Ftags&post=1283"}],"curies":[{"name":"wp","href":"https:\/\/api.w.org\/{rel}","templated":true}]}}