{"id":10210,"date":"2025-02-23T17:18:17","date_gmt":"2025-02-23T16:18:17","guid":{"rendered":"https:\/\/accnr.es\/?p=10210"},"modified":"2025-02-23T17:47:48","modified_gmt":"2025-02-23T16:47:48","slug":"homenaje-postumo-a-inaki-galar-zapater","status":"publish","type":"post","link":"https:\/\/accnr.es\/?p=10210","title":{"rendered":"Homenaje p\u00f3stumo a I\u00f1aki Galar Zapater"},"content":{"rendered":"\n<p>El pasado 9 de abril de 2024 nos sobresalt\u00f3 la triste noticia del fallecimiento de nuestro gran amigo I\u00f1aki Galar Zapater.<\/p>\n\n\n\n<figure class=\"wp-block-image size-large\"><img loading=\"lazy\" decoding=\"async\" width=\"1024\" height=\"358\" src=\"https:\/\/accnr.es\/wp-content\/uploads\/2025\/02\/Esquela-Inaki-Galar-1024x358.jpg\" alt=\"\" class=\"wp-image-10211\" srcset=\"https:\/\/accnr.es\/wp-content\/uploads\/2025\/02\/Esquela-Inaki-Galar-1024x358.jpg 1024w, https:\/\/accnr.es\/wp-content\/uploads\/2025\/02\/Esquela-Inaki-Galar-300x105.jpg 300w, https:\/\/accnr.es\/wp-content\/uploads\/2025\/02\/Esquela-Inaki-Galar-768x269.jpg 768w, https:\/\/accnr.es\/wp-content\/uploads\/2025\/02\/Esquela-Inaki-Galar-1536x538.jpg 1536w, https:\/\/accnr.es\/wp-content\/uploads\/2025\/02\/Esquela-Inaki-Galar-900x315.jpg 900w, https:\/\/accnr.es\/wp-content\/uploads\/2025\/02\/Esquela-Inaki-Galar-150x53.jpg 150w, https:\/\/accnr.es\/wp-content\/uploads\/2025\/02\/Esquela-Inaki-Galar.jpg 1600w\" sizes=\"auto, (max-width: 1024px) 100vw, 1024px\" \/><\/figure>\n\n\n\n<p>\u00a0\u00a0\u00a0\u00a0\u00a0\u00a0\u00a0\u00a0\u00a0\u00a0\u00a0\u00a0\u00a0\u00a0\u00a0 I\u00f1aki era muy querido entre la comunidad cervecera. De Pamplona y Navarra. Y conocido por introducirse en el mundo de las cervezas artesanas en la cervecer\u00eda <strong>Manneken beer<\/strong> en Pamplona. Promulgar el Bus &amp; Beer y otras actividades cerveceras en la pe\u00f1a los <strong>Iru\u00f1shemes<\/strong>.<\/p>\n\n\n<div class=\"wp-block-image\">\n<figure class=\"aligncenter size-full\"><img loading=\"lazy\" decoding=\"async\" width=\"640\" height=\"640\" src=\"https:\/\/accnr.es\/wp-content\/uploads\/2025\/02\/Inaki-Galar.png\" alt=\"\" class=\"wp-image-10212\" srcset=\"https:\/\/accnr.es\/wp-content\/uploads\/2025\/02\/Inaki-Galar.png 640w, https:\/\/accnr.es\/wp-content\/uploads\/2025\/02\/Inaki-Galar-300x300.png 300w, https:\/\/accnr.es\/wp-content\/uploads\/2025\/02\/Inaki-Galar-150x150.png 150w, https:\/\/accnr.es\/wp-content\/uploads\/2025\/02\/Inaki-Galar-350x350.png 350w\" sizes=\"auto, (max-width: 640px) 100vw, 640px\" \/><\/figure>\n<\/div>\n\n\n<p>El domingo 3 de noviembre del 2024 se comenz\u00f3 a fraguar la idea. De realizar un homenaje a su persona en su Pe\u00f1a en Pamplona de los Iru\u00f1shemes en Jarauta.<\/p>\n\n\n\n<p>F\u00e9lix Casimiro gran amigo de I\u00f1aki. Nos propuso: a \u00c1ngel Etayo, Arantxa y a mi persona (<em>Fernando Esteban<\/em>). Realizar una cata homenaje p\u00f3stumo en la Pe\u00f1a.<br>As\u00ed que enseguida coordinamos una <strong>cata de cinco cervezas<\/strong> para poder hacer una cata en intervenci\u00f3n por turnos. <\/p>\n\n\n\n<figure class=\"wp-block-image size-large\"><img loading=\"lazy\" decoding=\"async\" width=\"1024\" height=\"755\" src=\"https:\/\/accnr.es\/wp-content\/uploads\/2025\/02\/1-1-1024x755.jpg\" alt=\"\" class=\"wp-image-10213\" srcset=\"https:\/\/accnr.es\/wp-content\/uploads\/2025\/02\/1-1-1024x755.jpg 1024w, https:\/\/accnr.es\/wp-content\/uploads\/2025\/02\/1-1-300x221.jpg 300w, https:\/\/accnr.es\/wp-content\/uploads\/2025\/02\/1-1-768x566.jpg 768w, https:\/\/accnr.es\/wp-content\/uploads\/2025\/02\/1-1-1536x1132.jpg 1536w, https:\/\/accnr.es\/wp-content\/uploads\/2025\/02\/1-1-475x350.jpg 475w, https:\/\/accnr.es\/wp-content\/uploads\/2025\/02\/1-1-150x111.jpg 150w, https:\/\/accnr.es\/wp-content\/uploads\/2025\/02\/1-1.jpg 1657w\" sizes=\"auto, (max-width: 1024px) 100vw, 1024px\" \/><\/figure>\n\n\n\n<p>Las cuales fueron:<\/p>\n\n\n\n<p>1\u00aa Oud Beersel: Oude Kriek Vielle.<\/p>\n\n\n\n<p>2\u00aa Wehenstephaner Vitus.<\/p>\n\n\n\n<p>3\u00aa La Quince Los Caballeros del Lupulazo Pikimai.<\/p>\n\n\n\n<p>4\u00aa Carde\u00f1a Quadrupel.<\/p>\n\n\n\n<p>5\u00aa Samuel Smith. Organic chocolate.<\/p>\n\n\n\n<p class=\"has-medium-font-size\">Todo acompa\u00f1ado de un men\u00fa de maridaje como sol\u00eda preparar \u00e9l:<br>Ensaladilla de Txaka, Surtido de salchichas, carrilleras y postre de chocolate.<br>Para un total de 62 amigos y conocidos de <em>I\u00f1aki Galar Zapater. D.E.P.<\/em> \u2020<\/p>\n\n\n\n<p>As\u00ed que el d\u00eda 22 de Noviembre de 2024 Nos reunimos para homenajearlo como era merecido.<\/p>\n\n\n\n<ul class=\"wp-block-list\">\n<li><em>Te recordaremos con cari\u00f1\u00f3 en cada sorbo I\u00f1aki.<\/em><\/li>\n<\/ul>\n\n\n\n<ul class=\"wp-block-list\">\n<li>Fernando Esteban Esteban ACCNR<\/li>\n<\/ul>\n\n\n<div class=\"wp-block-image\">\n<figure class=\"aligncenter size-full is-resized\"><img loading=\"lazy\" decoding=\"async\" width=\"977\" height=\"1024\" src=\"https:\/\/accnr.es\/wp-content\/uploads\/2024\/09\/image.png\" alt=\"La imagen tiene un atributo ALT vac\u00edo; su nombre de archivo es Logo-final-letras-blanco-y-negro-977x1024.png\" class=\"wp-image-10105\" style=\"width:213px;height:auto\" srcset=\"https:\/\/accnr.es\/wp-content\/uploads\/2024\/09\/image.png 977w, https:\/\/accnr.es\/wp-content\/uploads\/2024\/09\/image-286x300.png 286w, https:\/\/accnr.es\/wp-content\/uploads\/2024\/09\/image-768x805.png 768w, https:\/\/accnr.es\/wp-content\/uploads\/2024\/09\/image-334x350.png 334w, https:\/\/accnr.es\/wp-content\/uploads\/2024\/09\/image-143x150.png 143w\" sizes=\"auto, (max-width: 977px) 100vw, 977px\" \/><\/figure>\n<\/div>","protected":false},"excerpt":{"rendered":"<p>El pasado 9 de abril de 2024 nos sobresalt\u00f3 la triste noticia del fallecimiento de nuestro gran amigo I\u00f1aki Galar Zapater. \u00a0\u00a0\u00a0\u00a0\u00a0\u00a0\u00a0\u00a0\u00a0\u00a0\u00a0\u00a0\u00a0\u00a0\u00a0 I\u00f1aki era muy querido entre la comunidad cervecera. De Pamplona y Navarra. Y conocido por introducirse en el mundo de las cervezas artesanas en la cervecer\u00eda Manneken beer&#8230; <a class=\"continue-reading-link\" href=\"https:\/\/accnr.es\/?p=10210\">Continue reading<\/a><\/p>\n","protected":false},"author":1,"featured_media":0,"comment_status":"closed","ping_status":"closed","sticky":false,"template":"","format":"standard","meta":{"footnotes":""},"categories":[60,8,93],"tags":[],"class_list":["post-10210","post","type-post","status-publish","format-standard","hentry","category-catas","category-general","category-homenajes"],"_links":{"self":[{"href":"https:\/\/accnr.es\/index.php?rest_route=\/wp\/v2\/posts\/10210","targetHints":{"allow":["GET"]}}],"collection":[{"href":"https:\/\/accnr.es\/index.php?rest_route=\/wp\/v2\/posts"}],"about":[{"href":"https:\/\/accnr.es\/index.php?rest_route=\/wp\/v2\/types\/post"}],"author":[{"embeddable":true,"href":"https:\/\/accnr.es\/index.php?rest_route=\/wp\/v2\/users\/1"}],"replies":[{"embeddable":true,"href":"https:\/\/accnr.es\/index.php?rest_route=%2Fwp%2Fv2%2Fcomments&post=10210"}],"version-history":[{"count":1,"href":"https:\/\/accnr.es\/index.php?rest_route=\/wp\/v2\/posts\/10210\/revisions"}],"predecessor-version":[{"id":10214,"href":"https:\/\/accnr.es\/index.php?rest_route=\/wp\/v2\/posts\/10210\/revisions\/10214"}],"wp:attachment":[{"href":"https:\/\/accnr.es\/index.php?rest_route=%2Fwp%2Fv2%2Fmedia&parent=10210"}],"wp:term":[{"taxonomy":"category","embeddable":true,"href":"https:\/\/accnr.es\/index.php?rest_route=%2Fwp%2Fv2%2Fcategories&post=10210"},{"taxonomy":"post_tag","embeddable":true,"href":"https:\/\/accnr.es\/index.php?rest_route=%2Fwp%2Fv2%2Ftags&post=10210"}],"curies":[{"name":"wp","href":"https:\/\/api.w.org\/{rel}","templated":true}]}}