{"id":10200,"date":"2025-02-23T11:52:39","date_gmt":"2025-02-23T10:52:39","guid":{"rendered":"https:\/\/accnr.es\/?p=10200"},"modified":"2025-02-23T16:42:43","modified_gmt":"2025-02-23T15:42:43","slug":"cata-con-saez-son-10-12-2024-manneken-beer","status":"publish","type":"post","link":"https:\/\/accnr.es\/?p=10200","title":{"rendered":"Cata con Saez &amp; Son 10-12-2024 Manneken Beer"},"content":{"rendered":"\n<p>S\u00e1ez &amp; Son fue fundada por, Cristina S\u00e1ez y Andreas H\u00e5kansson.<\/p>\n\n\n\n<p>S\u00e1ez &amp; Son es una f\u00e1brica de cerveza valenciana con un \u00abacento\u00bb sueco. Sus cervezas est\u00e1n disponibles exclusivamente en barril como dato curioso y solo en los mejores bares. Como <a href=\"https:\/\/www.mannekenbeer.com\/\" data-type=\"link\" data-id=\"https:\/\/www.mannekenbeer.com\/\">Manneken Beer<\/a> en Pamplona.<\/p>\n\n\n\n<p>S\u00e1ez &amp; Son nace en  2019 tras a\u00f1os de formaci\u00f3n y experiencia en la industria cervecera. Despu\u00e9s de estudiar Ciencia y Tecnolog\u00eda Cervecera en la reconocida escuela <strong>berlinesa VLB<\/strong>, y trabajar en f\u00e1bricas como <strong>Stone Brewing<\/strong> y BRLO, decidieron emprender su propio camino con Pirate Brew Berlin, un proyecto n\u00f3mada que les permiti\u00f3 experimentar y desarrollar nuestra visi\u00f3n. Tras cinco a\u00f1os en Alemania, regresaron a Espa\u00f1a para fundar S\u00e1ez &amp; Son, una cervecer\u00eda que fusiona tradici\u00f3n, modernidad e innovaci\u00f3n. Sus cervezas destacan por ser creativas, sorprendentes, pero siempre equilibradas y elegantes.<\/p>\n\n\n\n<p><strong>Andreas &amp; Cristina<\/strong><\/p>\n\n\n\n<p>Cristina S\u00e1ez es <strong>Maestra Cervecera Certificada por la prestigiosa escuela VLB de Berl\u00edn<\/strong> y cuenta con un M\u00e1ster en Ciencia e Ingenier\u00eda Alimentaria de la Universidad Polit\u00e9cnica de Valencia. Su trayectoria en el mundo de la cerveza comenz\u00f3 en Alemania, donde trabaj\u00f3 en diversas f\u00e1bricas en Berl\u00edn para perfeccionar sus conocimientos en producci\u00f3n cervecera. En 2019, tras cinco a\u00f1os en Alemania, regres\u00f3 a Espa\u00f1a y cofund\u00f3 S\u00e1ez &amp; Son. Desde 2017, es Jueza Internacional Certificada por el BJCP, participando como jueza en importantes competiciones como el Concours International de Lyon, el France Bi\u00e8re Challenge, el Concurso Brasile\u00f1o de Cervezas y la Copa Am\u00e9rica de Cervezas en Chile.<\/p>\n\n\n\n<p><strong>Andreas H\u00e5kansson es Doctor en Ingenier\u00eda Electr\u00f3nica y cervecero<\/strong> con una s\u00f3lida trayectoria en la industria. En 2014, fund\u00f3 Pirate Brew Berlin, donde volc\u00f3 su pasi\u00f3n por la cerveza en la vibrante escena berlinesa. Tras cinco a\u00f1os, regres\u00f3 a Espa\u00f1a para cofundar S\u00e1ez &amp; Son en Valencia, manteniendo su dedicaci\u00f3n a la elaboraci\u00f3n de cerveza. Andreas es Juez Internacional Certificado por el BJCP y Certified Cicerone, y ha sido juez en prestigiosas competiciones como los World Beer Awards, el Concours International de Lyon, el France Bi\u00e8re Challenge, el Concurso Brasile\u00f1o de Cervezas y la Copa Am\u00e9rica de Cervezas en Chile. En 2024, junto a Cristina, cofund\u00f3 el <strong>IPA Challenge<\/strong>, una competici\u00f3n internacional que apoya la comunidad cervecera y promueve la cultura de la cerveza.<\/p>\n\n\n\n<p><a href=\"https:\/\/saezson.es\/\">S\u00e1ez &amp; Son \u2013 Cerveza Artesanal \u2013 Cerveceros artesanos, comprometidos y apasionados de la profesi\u00f3n. Trabajamos para que puedas disfrutar de cervezas frescas, con sabor y car\u00e1cter.<\/a><\/p>\n\n\n\n<p class=\"has-medium-font-size\"><strong>Actividad de cata:<\/strong><\/p>\n\n\n\n<p>El grupo de actividades de ACCNR decidi\u00f3 contactarles para realizar una cata en el Manneken beer en Pamplona. Y asi tener disponibles una serie de barriles. Donde nos decantamos por el modelo de cata <strong>online<\/strong> a trav\u00e9s de la TV que nos di\u00f3 muy buen resultado.<br><\/p>\n\n\n\n<figure class=\"wp-block-image size-large\"><img loading=\"lazy\" decoding=\"async\" width=\"1024\" height=\"768\" src=\"https:\/\/accnr.es\/wp-content\/uploads\/2025\/02\/Imagen-de-WhatsApp-2024-12-11-a-las-11.17.08_79f0fb4d-1024x768.jpg\" alt=\"\" class=\"wp-image-10201\" srcset=\"https:\/\/accnr.es\/wp-content\/uploads\/2025\/02\/Imagen-de-WhatsApp-2024-12-11-a-las-11.17.08_79f0fb4d-1024x768.jpg 1024w, https:\/\/accnr.es\/wp-content\/uploads\/2025\/02\/Imagen-de-WhatsApp-2024-12-11-a-las-11.17.08_79f0fb4d-300x225.jpg 300w, https:\/\/accnr.es\/wp-content\/uploads\/2025\/02\/Imagen-de-WhatsApp-2024-12-11-a-las-11.17.08_79f0fb4d-768x576.jpg 768w, https:\/\/accnr.es\/wp-content\/uploads\/2025\/02\/Imagen-de-WhatsApp-2024-12-11-a-las-11.17.08_79f0fb4d-1536x1152.jpg 1536w, https:\/\/accnr.es\/wp-content\/uploads\/2025\/02\/Imagen-de-WhatsApp-2024-12-11-a-las-11.17.08_79f0fb4d-467x350.jpg 467w, https:\/\/accnr.es\/wp-content\/uploads\/2025\/02\/Imagen-de-WhatsApp-2024-12-11-a-las-11.17.08_79f0fb4d-150x113.jpg 150w, https:\/\/accnr.es\/wp-content\/uploads\/2025\/02\/Imagen-de-WhatsApp-2024-12-11-a-las-11.17.08_79f0fb4d.jpg 2048w\" sizes=\"auto, (max-width: 1024px) 100vw, 1024px\" \/><\/figure>\n\n\n\n<ul class=\"wp-block-list\">\n<li>Los socios disfrutando de la cata online.<\/li>\n<\/ul>\n\n\n\n<p><strong>La Cervezas disfrutadas fueron:<\/strong><\/p>\n\n\n\n<p>1 <a href=\"https:\/\/untappd.com\/b\/saez-and-son-fem-om-dagen\/5956266\">Fem Om Dagen<\/a>: Equilibradisima pastry sour. Aroma. Medio \u00e1cido l\u00e1ctico con aroma a melocot\u00f3n mango guayaba. Apariencia: anaranjado turbio. Con espuma blanca fina. No persistente. Sabor \u00e1cido con final ligeramente dulce. Muy equilibrado. Fruta tropical mango guayaba.<\/p>\n\n\n<div class=\"wp-block-image\">\n<figure class=\"aligncenter size-large is-resized\"><img loading=\"lazy\" decoding=\"async\" width=\"768\" height=\"1024\" src=\"https:\/\/accnr.es\/wp-content\/uploads\/2025\/02\/1-768x1024.jpg\" alt=\"\" class=\"wp-image-10202\" style=\"width:296px;height:auto\" srcset=\"https:\/\/accnr.es\/wp-content\/uploads\/2025\/02\/1-768x1024.jpg 768w, https:\/\/accnr.es\/wp-content\/uploads\/2025\/02\/1-225x300.jpg 225w, https:\/\/accnr.es\/wp-content\/uploads\/2025\/02\/1-1152x1536.jpg 1152w, https:\/\/accnr.es\/wp-content\/uploads\/2025\/02\/1-263x350.jpg 263w, https:\/\/accnr.es\/wp-content\/uploads\/2025\/02\/1-113x150.jpg 113w, https:\/\/accnr.es\/wp-content\/uploads\/2025\/02\/1.jpg 1536w\" sizes=\"auto, (max-width: 768px) 100vw, 768px\" \/><\/figure>\n<\/div>\n\n\n<p>2 &nbsp;<a href=\"https:\/\/untappd.com\/b\/saez-and-son-una-hazy-con-nelson-nectaron\/6076579\">Una Hazy Con Nelson + Nectaron<\/a>: Aroma: muy alto alto a lupulo. Inicia resinosa finaliza muy alta tropical mango, guava. \u00c9steres a pomelo. Apariencia: amarillento pajizo. P\u00e1lido turbio. Con espuma abundante cremosa persistente. Sabor: amargo. Muy alto lupulo resinoso tropical mango guava.<\/p>\n\n\n<div class=\"wp-block-image\">\n<figure class=\"aligncenter size-large is-resized\"><img loading=\"lazy\" decoding=\"async\" width=\"768\" height=\"1024\" src=\"https:\/\/accnr.es\/wp-content\/uploads\/2025\/02\/2-768x1024.jpg\" alt=\"\" class=\"wp-image-10203\" style=\"width:277px;height:auto\" srcset=\"https:\/\/accnr.es\/wp-content\/uploads\/2025\/02\/2-768x1024.jpg 768w, https:\/\/accnr.es\/wp-content\/uploads\/2025\/02\/2-225x300.jpg 225w, https:\/\/accnr.es\/wp-content\/uploads\/2025\/02\/2-1152x1536.jpg 1152w, https:\/\/accnr.es\/wp-content\/uploads\/2025\/02\/2-263x350.jpg 263w, https:\/\/accnr.es\/wp-content\/uploads\/2025\/02\/2-113x150.jpg 113w, https:\/\/accnr.es\/wp-content\/uploads\/2025\/02\/2.jpg 1536w\" sizes=\"auto, (max-width: 768px) 100vw, 768px\" \/><\/figure>\n<\/div>\n\n\n<p>3 <a href=\"https:\/\/untappd.com\/b\/saez-and-son-black-xocolata\/6056456\">Black Xocolat\u00e0<\/a>: Imperial stout.Aroma: caf\u00e9, cacao, chocolate. Ligera presencia de frutos secos nuez. Apariencia: color negro con espuma cremosa beige adherente. Sabor: cacao chocolate. Caf\u00e9. Frutos secos. Excelentemente equilibrada. Sensaciones: muy sedosa. Cuerpo alto. CO2 bajo.<\/p>\n\n\n<div class=\"wp-block-image\">\n<figure class=\"aligncenter size-large is-resized\"><img loading=\"lazy\" decoding=\"async\" width=\"768\" height=\"1024\" src=\"https:\/\/accnr.es\/wp-content\/uploads\/2025\/02\/3-768x1024.jpg\" alt=\"\" class=\"wp-image-10204\" style=\"width:298px;height:auto\" srcset=\"https:\/\/accnr.es\/wp-content\/uploads\/2025\/02\/3-768x1024.jpg 768w, https:\/\/accnr.es\/wp-content\/uploads\/2025\/02\/3-225x300.jpg 225w, https:\/\/accnr.es\/wp-content\/uploads\/2025\/02\/3-1152x1536.jpg 1152w, https:\/\/accnr.es\/wp-content\/uploads\/2025\/02\/3-263x350.jpg 263w, https:\/\/accnr.es\/wp-content\/uploads\/2025\/02\/3-113x150.jpg 113w, https:\/\/accnr.es\/wp-content\/uploads\/2025\/02\/3.jpg 1536w\" sizes=\"auto, (max-width: 768px) 100vw, 768px\" \/><\/figure>\n<\/div>\n\n\n<p>Todo este encuentro cervecero termin\u00f3 con una visita y gira de Saez &amp; Son en Navarra, Pamplona el pasado d\u00eda 15 de Febrero de 2025.<\/p>\n\n\n\n<figure class=\"wp-block-image size-large\"><img loading=\"lazy\" decoding=\"async\" width=\"1024\" height=\"768\" src=\"https:\/\/accnr.es\/wp-content\/uploads\/2025\/02\/Cata-SaezSon-15-2-2025-1024x768.jpg\" alt=\"\" class=\"wp-image-10208\" srcset=\"https:\/\/accnr.es\/wp-content\/uploads\/2025\/02\/Cata-SaezSon-15-2-2025-1024x768.jpg 1024w, https:\/\/accnr.es\/wp-content\/uploads\/2025\/02\/Cata-SaezSon-15-2-2025-300x225.jpg 300w, https:\/\/accnr.es\/wp-content\/uploads\/2025\/02\/Cata-SaezSon-15-2-2025-768x576.jpg 768w, https:\/\/accnr.es\/wp-content\/uploads\/2025\/02\/Cata-SaezSon-15-2-2025-1536x1152.jpg 1536w, https:\/\/accnr.es\/wp-content\/uploads\/2025\/02\/Cata-SaezSon-15-2-2025-467x350.jpg 467w, https:\/\/accnr.es\/wp-content\/uploads\/2025\/02\/Cata-SaezSon-15-2-2025-150x113.jpg 150w, https:\/\/accnr.es\/wp-content\/uploads\/2025\/02\/Cata-SaezSon-15-2-2025.jpg 2048w\" sizes=\"auto, (max-width: 1024px) 100vw, 1024px\" \/><\/figure>\n\n\n\n<p><\/p>\n\n\n\n<ul class=\"wp-block-list\">\n<li>Fernando Esteban Esteban. Presidencia ACCNR.<\/li>\n<\/ul>\n\n\n<div class=\"wp-block-image\">\n<figure class=\"aligncenter size-full is-resized\"><img loading=\"lazy\" decoding=\"async\" width=\"977\" height=\"1024\" src=\"https:\/\/accnr.es\/wp-content\/uploads\/2024\/09\/image.png\" alt=\"La imagen tiene un atributo ALT vac\u00edo; su nombre de archivo es Logo-final-letras-blanco-y-negro-977x1024.png\" class=\"wp-image-10105\" style=\"width:196px;height:auto\" srcset=\"https:\/\/accnr.es\/wp-content\/uploads\/2024\/09\/image.png 977w, https:\/\/accnr.es\/wp-content\/uploads\/2024\/09\/image-286x300.png 286w, https:\/\/accnr.es\/wp-content\/uploads\/2024\/09\/image-768x805.png 768w, https:\/\/accnr.es\/wp-content\/uploads\/2024\/09\/image-334x350.png 334w, https:\/\/accnr.es\/wp-content\/uploads\/2024\/09\/image-143x150.png 143w\" sizes=\"auto, (max-width: 977px) 100vw, 977px\" \/><\/figure>\n<\/div>","protected":false},"excerpt":{"rendered":"<p>S\u00e1ez &amp; Son fue fundada por, Cristina S\u00e1ez y Andreas H\u00e5kansson. S\u00e1ez &amp; Son es una f\u00e1brica de cerveza valenciana con un \u00abacento\u00bb sueco. Sus cervezas est\u00e1n disponibles exclusivamente en barril como dato curioso y solo en los mejores bares. Como Manneken Beer en Pamplona. S\u00e1ez &amp; Son nace en&#8230; <a class=\"continue-reading-link\" href=\"https:\/\/accnr.es\/?p=10200\">Continue reading<\/a><\/p>\n","protected":false},"author":1,"featured_media":0,"comment_status":"closed","ping_status":"closed","sticky":false,"template":"","format":"standard","meta":{"footnotes":""},"categories":[87,60],"tags":[42,79,26],"class_list":["post-10200","post","type-post","status-publish","format-standard","hentry","category-actividades","category-catas","tag-accnr","tag-actividades","tag-catas"],"_links":{"self":[{"href":"https:\/\/accnr.es\/index.php?rest_route=\/wp\/v2\/posts\/10200","targetHints":{"allow":["GET"]}}],"collection":[{"href":"https:\/\/accnr.es\/index.php?rest_route=\/wp\/v2\/posts"}],"about":[{"href":"https:\/\/accnr.es\/index.php?rest_route=\/wp\/v2\/types\/post"}],"author":[{"embeddable":true,"href":"https:\/\/accnr.es\/index.php?rest_route=\/wp\/v2\/users\/1"}],"replies":[{"embeddable":true,"href":"https:\/\/accnr.es\/index.php?rest_route=%2Fwp%2Fv2%2Fcomments&post=10200"}],"version-history":[{"count":2,"href":"https:\/\/accnr.es\/index.php?rest_route=\/wp\/v2\/posts\/10200\/revisions"}],"predecessor-version":[{"id":10209,"href":"https:\/\/accnr.es\/index.php?rest_route=\/wp\/v2\/posts\/10200\/revisions\/10209"}],"wp:attachment":[{"href":"https:\/\/accnr.es\/index.php?rest_route=%2Fwp%2Fv2%2Fmedia&parent=10200"}],"wp:term":[{"taxonomy":"category","embeddable":true,"href":"https:\/\/accnr.es\/index.php?rest_route=%2Fwp%2Fv2%2Fcategories&post=10200"},{"taxonomy":"post_tag","embeddable":true,"href":"https:\/\/accnr.es\/index.php?rest_route=%2Fwp%2Fv2%2Ftags&post=10200"}],"curies":[{"name":"wp","href":"https:\/\/api.w.org\/{rel}","templated":true}]}}