{"id":10107,"date":"2024-09-22T18:20:07","date_gmt":"2024-09-22T16:20:07","guid":{"rendered":"https:\/\/accnr.es\/?p=10107"},"modified":"2024-09-22T18:23:41","modified_gmt":"2024-09-22T16:23:41","slug":"primera-friki-cata-accnr","status":"publish","type":"post","link":"https:\/\/accnr.es\/?p=10107","title":{"rendered":"Primera \u00abFriki\u00bb cata ACCNR:"},"content":{"rendered":"\n<figure class=\"wp-block-image size-large\"><img loading=\"lazy\" decoding=\"async\" width=\"1024\" height=\"768\" src=\"https:\/\/accnr.es\/wp-content\/uploads\/2024\/09\/90401b0e-bd48-4204-91c6-099d9fc040b0-1024x768.jpg\" alt=\"\" class=\"wp-image-10112\" srcset=\"https:\/\/accnr.es\/wp-content\/uploads\/2024\/09\/90401b0e-bd48-4204-91c6-099d9fc040b0-1024x768.jpg 1024w, https:\/\/accnr.es\/wp-content\/uploads\/2024\/09\/90401b0e-bd48-4204-91c6-099d9fc040b0-300x225.jpg 300w, https:\/\/accnr.es\/wp-content\/uploads\/2024\/09\/90401b0e-bd48-4204-91c6-099d9fc040b0-768x576.jpg 768w, https:\/\/accnr.es\/wp-content\/uploads\/2024\/09\/90401b0e-bd48-4204-91c6-099d9fc040b0-1536x1152.jpg 1536w, https:\/\/accnr.es\/wp-content\/uploads\/2024\/09\/90401b0e-bd48-4204-91c6-099d9fc040b0-467x350.jpg 467w, https:\/\/accnr.es\/wp-content\/uploads\/2024\/09\/90401b0e-bd48-4204-91c6-099d9fc040b0-150x113.jpg 150w, https:\/\/accnr.es\/wp-content\/uploads\/2024\/09\/90401b0e-bd48-4204-91c6-099d9fc040b0.jpg 2048w\" sizes=\"auto, (max-width: 1024px) 100vw, 1024px\" \/><\/figure>\n\n\n\n<p> Dentro de las actividades de la asociaci\u00f3n hemos decido hacer unas peque\u00f1as actividades de reducidados ciclos de cata de cervezas consideradas \u00abFrikis\u00bb o por lo extra\u00f1o o por su elaboraci\u00f3n, procedencia o estilo:<\/p>\n\n\n\n<figure class=\"wp-block-image size-large\"><img loading=\"lazy\" decoding=\"async\" width=\"1024\" height=\"768\" src=\"https:\/\/accnr.es\/wp-content\/uploads\/2024\/09\/IMG_2094-1024x768.jpg\" alt=\"\" class=\"wp-image-10113\" srcset=\"https:\/\/accnr.es\/wp-content\/uploads\/2024\/09\/IMG_2094-1024x768.jpg 1024w, https:\/\/accnr.es\/wp-content\/uploads\/2024\/09\/IMG_2094-300x225.jpg 300w, https:\/\/accnr.es\/wp-content\/uploads\/2024\/09\/IMG_2094-768x576.jpg 768w, https:\/\/accnr.es\/wp-content\/uploads\/2024\/09\/IMG_2094-1536x1152.jpg 1536w, https:\/\/accnr.es\/wp-content\/uploads\/2024\/09\/IMG_2094-2048x1536.jpg 2048w, https:\/\/accnr.es\/wp-content\/uploads\/2024\/09\/IMG_2094-467x350.jpg 467w, https:\/\/accnr.es\/wp-content\/uploads\/2024\/09\/IMG_2094-150x113.jpg 150w\" sizes=\"auto, (max-width: 1024px) 100vw, 1024px\" \/><\/figure>\n\n\n\n<p class=\"has-medium-font-size\"><strong>En esta primera sesi\u00f3n catamos:<\/strong><\/p>\n\n\n\n<p><strong>Con las siguientes notas de cata:<\/strong><strong><\/strong><\/p>\n\n\n\n<p><a href=\"https:\/\/untappd.com\/b\/brouwerij-boon-horal-s-oude-geuze-mega-blend-2019\/3209946\">HORAL&#8217;s Oude Geuze Mega Blend (2019)<\/a>&nbsp;por&nbsp;<a href=\"https:\/\/untappd.com\/BrouwerijBoon\">Brouwerij Boon<\/a>:<\/p>\n\n\n\n<figure class=\"wp-block-image size-large\"><img loading=\"lazy\" decoding=\"async\" width=\"1024\" height=\"768\" src=\"https:\/\/accnr.es\/wp-content\/uploads\/2024\/09\/IMG_2098-1024x768.jpg\" alt=\"\" class=\"wp-image-10108\" srcset=\"https:\/\/accnr.es\/wp-content\/uploads\/2024\/09\/IMG_2098-1024x768.jpg 1024w, https:\/\/accnr.es\/wp-content\/uploads\/2024\/09\/IMG_2098-300x225.jpg 300w, https:\/\/accnr.es\/wp-content\/uploads\/2024\/09\/IMG_2098-768x576.jpg 768w, https:\/\/accnr.es\/wp-content\/uploads\/2024\/09\/IMG_2098-1536x1152.jpg 1536w, https:\/\/accnr.es\/wp-content\/uploads\/2024\/09\/IMG_2098-2048x1536.jpg 2048w, https:\/\/accnr.es\/wp-content\/uploads\/2024\/09\/IMG_2098-467x350.jpg 467w, https:\/\/accnr.es\/wp-content\/uploads\/2024\/09\/IMG_2098-150x113.jpg 150w\" sizes=\"auto, (max-width: 1024px) 100vw, 1024px\" \/><\/figure>\n\n\n\n<p>Aroma: Brettanomyces muy alto. \u00c1cido l\u00e1ctico, notas ac\u00e9ticas. Notas c\u00edtricas. Apariencia: color dorado velado. Con espuma de baja persistencia blanca. Sabor: \u00e1cido l\u00e1ctico muy alto. Brettanomyces muy alto. C\u00edtrico, fresca. Notas de madera. Ligera.<\/p>\n\n\n\n<p><a href=\"https:\/\/untappd.com\/b\/brouwerij-boon-horal-s-oude-geuze-mega-blend-2021\/4290063\">HORAL&#8217;s Oude Geuze Mega Blend (2021)<\/a>&nbsp;por&nbsp;<a href=\"https:\/\/untappd.com\/BrouwerijBoon\">Brouwerij Boon<\/a>:<\/p>\n\n\n\n<figure class=\"wp-block-image size-large\"><img loading=\"lazy\" decoding=\"async\" width=\"1024\" height=\"768\" src=\"https:\/\/accnr.es\/wp-content\/uploads\/2024\/09\/IMG_2097-1024x768.jpg\" alt=\"\" class=\"wp-image-10109\" srcset=\"https:\/\/accnr.es\/wp-content\/uploads\/2024\/09\/IMG_2097-1024x768.jpg 1024w, https:\/\/accnr.es\/wp-content\/uploads\/2024\/09\/IMG_2097-300x225.jpg 300w, https:\/\/accnr.es\/wp-content\/uploads\/2024\/09\/IMG_2097-768x576.jpg 768w, https:\/\/accnr.es\/wp-content\/uploads\/2024\/09\/IMG_2097-1536x1152.jpg 1536w, https:\/\/accnr.es\/wp-content\/uploads\/2024\/09\/IMG_2097-2048x1536.jpg 2048w, https:\/\/accnr.es\/wp-content\/uploads\/2024\/09\/IMG_2097-467x350.jpg 467w, https:\/\/accnr.es\/wp-content\/uploads\/2024\/09\/IMG_2097-150x113.jpg 150w\" sizes=\"auto, (max-width: 1024px) 100vw, 1024px\" \/><\/figure>\n\n\n\n<p>Aroma: Brettanomyces alto. \u00c1cido l\u00e1ctico. Cuero, funky granja. Notas c\u00edtricas. Apariencia: color dorado velado. Con espuma de baja a nula, blanca. Sabor: \u00e1cido l\u00e1ctico muy alto. Brettanomyces muy alto. Apreciaciones a barrica . Cuero. Ligera.<\/p>\n\n\n\n<p><a href=\"https:\/\/untappd.com\/b\/brouwerij-boon-horal-s-oude-geuze-mega-blend-2022\/4794811\">HORAL&#8217;s Oude Geuze Mega Blend (2022)<\/a>&nbsp;por&nbsp;<a href=\"https:\/\/untappd.com\/BrouwerijBoon\">Brouwerij Boon<\/a>:<\/p>\n\n\n\n<figure class=\"wp-block-image size-large\"><img loading=\"lazy\" decoding=\"async\" width=\"768\" height=\"1024\" src=\"https:\/\/accnr.es\/wp-content\/uploads\/2024\/09\/IMG_2096-768x1024.jpg\" alt=\"\" class=\"wp-image-10110\" srcset=\"https:\/\/accnr.es\/wp-content\/uploads\/2024\/09\/IMG_2096-768x1024.jpg 768w, https:\/\/accnr.es\/wp-content\/uploads\/2024\/09\/IMG_2096-225x300.jpg 225w, https:\/\/accnr.es\/wp-content\/uploads\/2024\/09\/IMG_2096-1152x1536.jpg 1152w, https:\/\/accnr.es\/wp-content\/uploads\/2024\/09\/IMG_2096-1536x2048.jpg 1536w, https:\/\/accnr.es\/wp-content\/uploads\/2024\/09\/IMG_2096-263x350.jpg 263w, https:\/\/accnr.es\/wp-content\/uploads\/2024\/09\/IMG_2096-113x150.jpg 113w, https:\/\/accnr.es\/wp-content\/uploads\/2024\/09\/IMG_2096-scaled.jpg 1920w\" sizes=\"auto, (max-width: 768px) 100vw, 768px\" \/><\/figure>\n\n\n\n<p>Aroma: Brettanomyces alto. \u00c1cido l\u00e1ctico. Cuero, funky granja. Notas c\u00edtricas lim\u00f3n. Apariencia: color dorado velado. Con espuma de baja a nula, blanca. Sabor: \u00e1cido l\u00e1ctico muy alto. Brettanomyces muy alto. Apreciaciones a barrica . Cuero. Ligera.<\/p>\n\n\n\n<p><a href=\"https:\/\/untappd.com\/b\/brasserie-de-silly-silly-scotch-sauvignon-blanc-barrel-aged\/5768934\">Silly Scotch Sauvignon Blanc Barrel Aged&nbsp;<\/a>por&nbsp;<a href=\"https:\/\/untappd.com\/BrasseriedeSilly\">Brasserie de Silly<\/a>:<\/p>\n\n\n\n<figure class=\"wp-block-image size-large\"><img loading=\"lazy\" decoding=\"async\" width=\"819\" height=\"1024\" src=\"https:\/\/accnr.es\/wp-content\/uploads\/2024\/09\/Imagen-de-WhatsApp-2024-09-22-a-las-18.21.27_501041e4-819x1024.jpg\" alt=\"\" class=\"wp-image-10116\" srcset=\"https:\/\/accnr.es\/wp-content\/uploads\/2024\/09\/Imagen-de-WhatsApp-2024-09-22-a-las-18.21.27_501041e4-819x1024.jpg 819w, https:\/\/accnr.es\/wp-content\/uploads\/2024\/09\/Imagen-de-WhatsApp-2024-09-22-a-las-18.21.27_501041e4-240x300.jpg 240w, https:\/\/accnr.es\/wp-content\/uploads\/2024\/09\/Imagen-de-WhatsApp-2024-09-22-a-las-18.21.27_501041e4-768x960.jpg 768w, https:\/\/accnr.es\/wp-content\/uploads\/2024\/09\/Imagen-de-WhatsApp-2024-09-22-a-las-18.21.27_501041e4-1229x1536.jpg 1229w, https:\/\/accnr.es\/wp-content\/uploads\/2024\/09\/Imagen-de-WhatsApp-2024-09-22-a-las-18.21.27_501041e4-280x350.jpg 280w, https:\/\/accnr.es\/wp-content\/uploads\/2024\/09\/Imagen-de-WhatsApp-2024-09-22-a-las-18.21.27_501041e4-120x150.jpg 120w, https:\/\/accnr.es\/wp-content\/uploads\/2024\/09\/Imagen-de-WhatsApp-2024-09-22-a-las-18.21.27_501041e4.jpg 1440w\" sizes=\"auto, (max-width: 819px) 100vw, 819px\" \/><\/figure>\n\n\n\n<p>Aroma: oxidado polvoriento. Madera h\u00fameda. Uva pasa. Apariencia: color marr\u00f3n. Con espuma marr\u00f3n cremosa no persistente. Sabor: oxidado. Polvoriento madera. Cuerpo medio CO2 medio. Estaba en ca\u00edda ya\u2026<\/p>\n\n\n\n<p><a href=\"https:\/\/untappd.com\/b\/bieres-de-chimay-chimay-grande-reserve-fermentee-en-barriques-chene-francais-chene-americain-calvados-05-2023\/5490522\">Chimay Grande R\u00e9serve Ferment\u00e9e En Barriques &#8211; Ch\u00eane Fran\u00e7ais, Ch\u00eane Am\u00e9ricain, Calvados (05\/2023)<\/a>&nbsp;por&nbsp;<a href=\"https:\/\/untappd.com\/BieresdeChimay\">Bi\u00e8res de Chimay<\/a>:<\/p>\n\n\n\n<figure class=\"wp-block-image size-large\"><img loading=\"lazy\" decoding=\"async\" width=\"768\" height=\"1024\" src=\"https:\/\/accnr.es\/wp-content\/uploads\/2024\/09\/0fa7cd51-d640-4cb5-99ea-d649b7922cbb-768x1024.jpg\" alt=\"\" class=\"wp-image-10111\" srcset=\"https:\/\/accnr.es\/wp-content\/uploads\/2024\/09\/0fa7cd51-d640-4cb5-99ea-d649b7922cbb-768x1024.jpg 768w, https:\/\/accnr.es\/wp-content\/uploads\/2024\/09\/0fa7cd51-d640-4cb5-99ea-d649b7922cbb-225x300.jpg 225w, https:\/\/accnr.es\/wp-content\/uploads\/2024\/09\/0fa7cd51-d640-4cb5-99ea-d649b7922cbb-1152x1536.jpg 1152w, https:\/\/accnr.es\/wp-content\/uploads\/2024\/09\/0fa7cd51-d640-4cb5-99ea-d649b7922cbb-263x350.jpg 263w, https:\/\/accnr.es\/wp-content\/uploads\/2024\/09\/0fa7cd51-d640-4cb5-99ea-d649b7922cbb-113x150.jpg 113w, https:\/\/accnr.es\/wp-content\/uploads\/2024\/09\/0fa7cd51-d640-4cb5-99ea-d649b7922cbb.jpg 1536w\" sizes=\"auto, (max-width: 768px) 100vw, 768px\" \/><\/figure>\n\n\n\n<p>Aroma: madera roble franc\u00e9s limpio. (1er uso). La madera tapa los esteres a fruta aunque algo de fruta pasa. Apariencia: marr\u00f3n. Con espuma de baja persistencia beige. Sabor: madera de roble limpia. La madera se ha comido el Cuerpo alto usual.<\/p>\n\n\n\n<p>Fernando Esteban ACCNR.<\/p>\n\n\n<div class=\"wp-block-image\">\n<figure class=\"aligncenter size-full is-resized\"><img loading=\"lazy\" decoding=\"async\" width=\"977\" height=\"1024\" src=\"https:\/\/accnr.es\/wp-content\/uploads\/2024\/09\/image.png\" alt=\"La imagen tiene un atributo ALT vac\u00edo; su nombre de archivo es Logo-final-letras-blanco-y-negro-977x1024.png\" class=\"wp-image-10105\" style=\"width:193px;height:auto\" srcset=\"https:\/\/accnr.es\/wp-content\/uploads\/2024\/09\/image.png 977w, https:\/\/accnr.es\/wp-content\/uploads\/2024\/09\/image-286x300.png 286w, https:\/\/accnr.es\/wp-content\/uploads\/2024\/09\/image-768x805.png 768w, https:\/\/accnr.es\/wp-content\/uploads\/2024\/09\/image-334x350.png 334w, https:\/\/accnr.es\/wp-content\/uploads\/2024\/09\/image-143x150.png 143w\" sizes=\"auto, (max-width: 977px) 100vw, 977px\" \/><\/figure>\n<\/div>\n\n\n<p><\/p>\n","protected":false},"excerpt":{"rendered":"<p>Dentro de las actividades de la asociaci\u00f3n hemos decido hacer unas peque\u00f1as actividades de reducidados ciclos de cata de cervezas consideradas \u00abFrikis\u00bb o por lo extra\u00f1o o por su elaboraci\u00f3n, procedencia o estilo: En esta primera sesi\u00f3n catamos: Con las siguientes notas de cata: HORAL&#8217;s Oude Geuze Mega Blend (2019)&nbsp;por&nbsp;Brouwerij&#8230; <a class=\"continue-reading-link\" href=\"https:\/\/accnr.es\/?p=10107\">Continue reading<\/a><\/p>\n","protected":false},"author":1,"featured_media":0,"comment_status":"open","ping_status":"open","sticky":false,"template":"","format":"standard","meta":{"footnotes":""},"categories":[60],"tags":[79,26],"class_list":["post-10107","post","type-post","status-publish","format-standard","hentry","category-catas","tag-actividades","tag-catas"],"_links":{"self":[{"href":"https:\/\/accnr.es\/index.php?rest_route=\/wp\/v2\/posts\/10107","targetHints":{"allow":["GET"]}}],"collection":[{"href":"https:\/\/accnr.es\/index.php?rest_route=\/wp\/v2\/posts"}],"about":[{"href":"https:\/\/accnr.es\/index.php?rest_route=\/wp\/v2\/types\/post"}],"author":[{"embeddable":true,"href":"https:\/\/accnr.es\/index.php?rest_route=\/wp\/v2\/users\/1"}],"replies":[{"embeddable":true,"href":"https:\/\/accnr.es\/index.php?rest_route=%2Fwp%2Fv2%2Fcomments&post=10107"}],"version-history":[{"count":2,"href":"https:\/\/accnr.es\/index.php?rest_route=\/wp\/v2\/posts\/10107\/revisions"}],"predecessor-version":[{"id":10117,"href":"https:\/\/accnr.es\/index.php?rest_route=\/wp\/v2\/posts\/10107\/revisions\/10117"}],"wp:attachment":[{"href":"https:\/\/accnr.es\/index.php?rest_route=%2Fwp%2Fv2%2Fmedia&parent=10107"}],"wp:term":[{"taxonomy":"category","embeddable":true,"href":"https:\/\/accnr.es\/index.php?rest_route=%2Fwp%2Fv2%2Fcategories&post=10107"},{"taxonomy":"post_tag","embeddable":true,"href":"https:\/\/accnr.es\/index.php?rest_route=%2Fwp%2Fv2%2Ftags&post=10107"}],"curies":[{"name":"wp","href":"https:\/\/api.w.org\/{rel}","templated":true}]}}